{"id":1922,"date":"2019-02-23T14:40:45","date_gmt":"2019-02-23T14:40:45","guid":{"rendered":"http:\/\/www.e4w.eu\/kick-off-meeting-in-berlin\/"},"modified":"2019-09-06T08:53:53","modified_gmt":"2019-09-06T08:53:53","slug":"kick-off-meeting-in-berlin","status":"publish","type":"post","link":"https:\/\/www.e4w.eu\/sl\/news\/kick-off-meeting-in-berlin\/","title":{"rendered":"Uvodno sre\u010danje partnerjev projekta v Berlinu"},"content":{"rendered":"<p>Prvi sestanek partnerjev projekta <em>Podjetni\u0161ke ve\u0161\u010dine za \u017eenske v digitalnem svetu<\/em> je potekal od 17. do 18. decembra 2018 v Berlinu.<\/p>\n<p>Kot je povedala Laura Grineviciute, vodja projekta so: \u00bb [&#8230;] <em>na tem pomembnem sre\u010danju sodelovali \u0161tirje partnerji projekta iz \u0161tirih dr\u017eav \u010dlanic EU. Na sre\u010danju smo se dogovorili o vseh podrobnostih izvedbe in usklajevanja tega mednarodnega projekta<\/em>.\u00ab<\/p>\n<p>Prvi dan uvodnega sre\u010danja v Berlinu je bil namenjen predstavitvam in izmenjavi razli\u010dnih praks na podro\u010dju inovativnih metod in tehnik pou\u010devanja na podro\u010dju podjetni\u0161tva, IKT in projektnega vodenja. V prvem dnevu na\u0161ega sre\u010danja smo ravno tako uspe\u0161no opravili tudi pregled vseh dejavnosti na projektu in dorekli na\u010dine administrativnega vodenja projekta.<\/p>\n<p>Drugi dan sre\u010danja je bil namenjen konkretnemu orisu aktivnosti in delovnih nalog posameznih partnerjev, s poudarkom na glavnih ciljih projekta \u2013 razvoju in pripravi nove pedago\u0161ke strategije, ki naj bi bila predstavljena maja naslednje leto.<\/p>\n","protected":false},"excerpt":{"rendered":"<p>Prvi sestanek partnerjev projekta Podjetni\u0161ke ve\u0161\u010dine za \u017eenske v digitalnem svetu je potekal od 17. do 18. decembra 2018 v Berlinu. Kot je povedala Laura Grineviciute,<span class=\"excerpt-hellip\"> [\u2026]<\/span><\/p>\n","protected":false},"author":1,"featured_media":1924,"comment_status":"open","ping_status":"open","sticky":false,"template":"","format":"standard","meta":{"footnotes":""},"categories":[101],"tags":[],"class_list":["post-1922","post","type-post","status-publish","format-standard","has-post-thumbnail","hentry","category-news-events"],"_links":{"self":[{"href":"https:\/\/www.e4w.eu\/sl\/wp-json\/wp\/v2\/posts\/1922","targetHints":{"allow":["GET"]}}],"collection":[{"href":"https:\/\/www.e4w.eu\/sl\/wp-json\/wp\/v2\/posts"}],"about":[{"href":"https:\/\/www.e4w.eu\/sl\/wp-json\/wp\/v2\/types\/post"}],"author":[{"embeddable":true,"href":"https:\/\/www.e4w.eu\/sl\/wp-json\/wp\/v2\/users\/1"}],"replies":[{"embeddable":true,"href":"https:\/\/www.e4w.eu\/sl\/wp-json\/wp\/v2\/comments?post=1922"}],"version-history":[{"count":2,"href":"https:\/\/www.e4w.eu\/sl\/wp-json\/wp\/v2\/posts\/1922\/revisions"}],"predecessor-version":[{"id":2210,"href":"https:\/\/www.e4w.eu\/sl\/wp-json\/wp\/v2\/posts\/1922\/revisions\/2210"}],"wp:featuredmedia":[{"embeddable":true,"href":"https:\/\/www.e4w.eu\/sl\/wp-json\/wp\/v2\/media\/1924"}],"wp:attachment":[{"href":"https:\/\/www.e4w.eu\/sl\/wp-json\/wp\/v2\/media?parent=1922"}],"wp:term":[{"taxonomy":"category","embeddable":true,"href":"https:\/\/www.e4w.eu\/sl\/wp-json\/wp\/v2\/categories?post=1922"},{"taxonomy":"post_tag","embeddable":true,"href":"https:\/\/www.e4w.eu\/sl\/wp-json\/wp\/v2\/tags?post=1922"}],"curies":[{"name":"wp","href":"https:\/\/api.w.org\/{rel}","templated":true}]}}